{"id":2506,"date":"2021-09-22T09:42:13","date_gmt":"2021-09-22T12:42:13","guid":{"rendered":"https:\/\/www.oruc.com.br\/blog\/?p=2506"},"modified":"2021-09-22T09:42:13","modified_gmt":"2021-09-22T12:42:13","slug":"intencao-de-compra-para-a-black-friday-2021-mantem-alta-do-ano-anterior","status":"publish","type":"post","link":"https:\/\/www.oruc.com.br\/blog\/intencao-de-compra-para-a-black-friday-2021-mantem-alta-do-ano-anterior\/","title":{"rendered":"Inten\u00e7\u00e3o de compra para a Black Friday 2021 mant\u00e9m alta do ano anterior"},"content":{"rendered":"<p>N\u00e3o \u00e9 segredo para ningu\u00e9m que a Black Friday \u00e9 uma das datas mais aguardadas pelos consumidores e lojistas. Por\u00e9m mesmo sendo uma data t\u00e3o importante para o com\u00e9rcio eletr\u00f4nico, fica dif\u00edcil prever com qual ser\u00e1 a inten\u00e7\u00e3o de compra dos consumidores, principalmente no cen\u00e1rio econ\u00f4mico atual. Bom caro lojista, se voc\u00ea est\u00e1 fazendo essa reflex\u00e3o, felizmente trazemos boas not\u00edcias.<\/p>\n<h3>Black Friday 2021<\/h3>\n<p>Segundo a pesquisa realizada pela empresa M\u00e9liuz,\u00a0 71,2% dos entrevistados tem inten\u00e7\u00e3o de comprar algum produto na Black Friday 2021. O estudo foi divulgado no dia 09\/09\/2021. O percentual das inten\u00e7\u00f5es de compra se manteve com a mesma avalia\u00e7\u00e3o do ano de 2020. Por\u00e9m existe uma chance de que esse n\u00famero possa evoluir ainda mais, pois 25% dos entrevistados responderam que ainda n\u00e3o decidiram se v\u00e3o realizar compras.<\/p>\n<p>A pesquisa tamb\u00e9m revelou que, ao contr\u00e1rio da Black Friday de 2020, onde a maioria dos entrevistados pretendia comprar itens de necessidade, nesse ano mais da metade dos entrevistados responderam ter a inten\u00e7\u00e3o de aproveitar a data para comprar itens de desejo, como substituir itens antigos por itens novos, bem como substituir por outros modelos.<\/p>\n<p>O estudo mostra tamb\u00e9m que 60,9% dos entrevistados j\u00e1 fizeram compras nas Black Fridays dos anos anteriores. Isso mostra que a data tem sua aprova\u00e7\u00e3o cada vez maior entre o p\u00fablico, desde a sua primeira edi\u00e7\u00e3o no Brasil em 2010.<\/p>\n<p>Al\u00e9m disso, outro bom importante que o estudo traz s\u00e3o quais os canais de compra os consumidores pretendem usar para fazer as compras na Black Friday deste ano, 56,7% pretendem realizar as compras apenas por <strong><a href=\"https:\/\/www.oruc.com.br\/507315\">lojas virtuais<\/a><\/strong>, contra 8,9% dos consumidores que pretendem comprar apenas por lojas f\u00edsicas, 28,2% pretendem comprar em ambos os modelos de loja e 6,2% n\u00e3o decidiram.<\/p>\n<p>Esses dados refor\u00e7am a import\u00e2ncia da data para os resultados do com\u00e9rcio eletr\u00f4nico brasileiro. Para aproveitar da melhor forma essa oportunidade, n\u00e3o deixe de se planejar com bastante anteced\u00eancia. Assim \u00e9 poss\u00edvel elaborar campanhas de qualidade, al\u00e9m de avaliar com cuidado quais condi\u00e7\u00f5es especiais s\u00e3o poss\u00edveis oferecer, afinal o principal atrativo da Black Friday s\u00e3o as ofertas.<\/p>\n<p>Para ler a pesquisa completa <strong><a href=\"https:\/\/www.meliuz.com.br\/blog\/black-friday-2021-pesquisa\/\">acesse aqui<\/a><\/strong>.<\/p>\n","protected":false},"excerpt":{"rendered":"<p>Pesquisa promovida pela empresa M\u00e9liuz aponta inten\u00e7\u00e3o positiva do p\u00fablico para compras na Black Friday 2021. Confira j\u00e1 a mat\u00e9ria completa. <\/p>\n","protected":false},"author":6,"featured_media":2509,"comment_status":"open","ping_status":"open","sticky":false,"template":"","format":"standard","meta":{"jetpack_post_was_ever_published":false,"_jetpack_newsletter_access":"","_jetpack_dont_email_post_to_subs":false,"_jetpack_newsletter_tier_id":0,"_jetpack_memberships_contains_paywalled_content":false,"_jetpack_memberships_contains_paid_content":false,"footnotes":""},"categories":[9],"tags":[89,196,23,179,56],"class_list":["post-2506","post","type-post","status-publish","format-standard","has-post-thumbnail","hentry","category-e-commerce","tag-black-friday","tag-black-friday-2021","tag-e-commerce","tag-noticias","tag-vendas"],"yoast_head":"<!-- This site is optimized with the Yoast SEO plugin v24.9 - https:\/\/yoast.com\/wordpress\/plugins\/seo\/ -->\n<title>Inten\u00e7\u00e3o de Compra para Black Friday 2021 permanece em alta - Oruc<\/title>\n<meta name=\"description\" content=\"Pesquisa promovida pela empresa M\u00e9liuz aponta inten\u00e7\u00e3o positiva do p\u00fablico para compras na Black Friday 2021. Confira j\u00e1 a mat\u00e9ria completa.\" \/>\n<meta name=\"robots\" content=\"index, follow, max-snippet:-1, max-image-preview:large, max-video-preview:-1\" \/>\n<link rel=\"canonical\" href=\"https:\/\/www.oruc.com.br\/blog\/intencao-de-compra-para-a-black-friday-2021-mantem-alta-do-ano-anterior\/\" \/>\n<meta property=\"og:locale\" content=\"pt_BR\" \/>\n<meta property=\"og:type\" content=\"article\" \/>\n<meta property=\"og:title\" content=\"Inten\u00e7\u00e3o de Compra para Black Friday 2021 permanece em alta - Oruc\" \/>\n<meta property=\"og:description\" content=\"Pesquisa promovida pela empresa M\u00e9liuz aponta inten\u00e7\u00e3o positiva do p\u00fablico para compras na Black Friday 2021. Confira j\u00e1 a mat\u00e9ria completa.\" \/>\n<meta property=\"og:url\" content=\"https:\/\/www.oruc.com.br\/blog\/intencao-de-compra-para-a-black-friday-2021-mantem-alta-do-ano-anterior\/\" \/>\n<meta property=\"og:site_name\" content=\"Oruc - Plataforma de E-commerce\" \/>\n<meta property=\"article:publisher\" content=\"https:\/\/www.facebook.com\/orucplataforma\" \/>\n<meta property=\"article:published_time\" content=\"2021-09-22T12:42:13+00:00\" \/>\n<meta property=\"og:image\" content=\"https:\/\/www.oruc.com.br\/blog\/wp-content\/uploads\/2021\/09\/Thumb_blog_noticia_black_friday-min.png\" \/>\n\t<meta property=\"og:image:width\" content=\"1024\" \/>\n\t<meta property=\"og:image:height\" content=\"415\" \/>\n\t<meta property=\"og:image:type\" content=\"image\/png\" \/>\n<meta name=\"author\" content=\"Patrick Bedeschi\" \/>\n<meta name=\"twitter:card\" content=\"summary_large_image\" \/>\n<meta name=\"twitter:label1\" content=\"Escrito por\" \/>\n\t<meta name=\"twitter:data1\" content=\"Patrick Bedeschi\" \/>\n\t<meta name=\"twitter:label2\" content=\"Est. tempo de leitura\" \/>\n\t<meta name=\"twitter:data2\" content=\"2 minutos\" \/>\n<script type=\"application\/ld+json\" class=\"yoast-schema-graph\">{\"@context\":\"https:\/\/schema.org\",\"@graph\":[{\"@type\":\"Article\",\"@id\":\"https:\/\/www.oruc.com.br\/blog\/intencao-de-compra-para-a-black-friday-2021-mantem-alta-do-ano-anterior\/#article\",\"isPartOf\":{\"@id\":\"https:\/\/www.oruc.com.br\/blog\/intencao-de-compra-para-a-black-friday-2021-mantem-alta-do-ano-anterior\/\"},\"author\":{\"name\":\"Patrick Bedeschi\",\"@id\":\"https:\/\/www.oruc.com.br\/blog\/#\/schema\/person\/8bf9112edf4dce396eb3dd8c1c108c1e\"},\"headline\":\"Inten\u00e7\u00e3o de compra para a Black Friday 2021 mant\u00e9m alta do ano anterior\",\"datePublished\":\"2021-09-22T12:42:13+00:00\",\"mainEntityOfPage\":{\"@id\":\"https:\/\/www.oruc.com.br\/blog\/intencao-de-compra-para-a-black-friday-2021-mantem-alta-do-ano-anterior\/\"},\"wordCount\":392,\"commentCount\":0,\"publisher\":{\"@id\":\"https:\/\/www.oruc.com.br\/blog\/#organization\"},\"image\":{\"@id\":\"https:\/\/www.oruc.com.br\/blog\/intencao-de-compra-para-a-black-friday-2021-mantem-alta-do-ano-anterior\/#primaryimage\"},\"thumbnailUrl\":\"https:\/\/www.oruc.com.br\/blog\/wp-content\/uploads\/2021\/09\/Thumb_blog_noticia_black_friday-min.png\",\"keywords\":[\"Black Friday\",\"black friday 2021\",\"E-commerce\",\"noticias\",\"Vendas\"],\"articleSection\":[\"E-commerce\"],\"inLanguage\":\"pt-BR\",\"potentialAction\":[{\"@type\":\"CommentAction\",\"name\":\"Comment\",\"target\":[\"https:\/\/www.oruc.com.br\/blog\/intencao-de-compra-para-a-black-friday-2021-mantem-alta-do-ano-anterior\/#respond\"]}]},{\"@type\":\"WebPage\",\"@id\":\"https:\/\/www.oruc.com.br\/blog\/intencao-de-compra-para-a-black-friday-2021-mantem-alta-do-ano-anterior\/\",\"url\":\"https:\/\/www.oruc.com.br\/blog\/intencao-de-compra-para-a-black-friday-2021-mantem-alta-do-ano-anterior\/\",\"name\":\"Inten\u00e7\u00e3o de Compra para Black Friday 2021 permanece em alta - Oruc\",\"isPartOf\":{\"@id\":\"https:\/\/www.oruc.com.br\/blog\/#website\"},\"primaryImageOfPage\":{\"@id\":\"https:\/\/www.oruc.com.br\/blog\/intencao-de-compra-para-a-black-friday-2021-mantem-alta-do-ano-anterior\/#primaryimage\"},\"image\":{\"@id\":\"https:\/\/www.oruc.com.br\/blog\/intencao-de-compra-para-a-black-friday-2021-mantem-alta-do-ano-anterior\/#primaryimage\"},\"thumbnailUrl\":\"https:\/\/www.oruc.com.br\/blog\/wp-content\/uploads\/2021\/09\/Thumb_blog_noticia_black_friday-min.png\",\"datePublished\":\"2021-09-22T12:42:13+00:00\",\"description\":\"Pesquisa promovida pela empresa M\u00e9liuz aponta inten\u00e7\u00e3o positiva do p\u00fablico para compras na Black Friday 2021. Confira j\u00e1 a mat\u00e9ria completa.\",\"breadcrumb\":{\"@id\":\"https:\/\/www.oruc.com.br\/blog\/intencao-de-compra-para-a-black-friday-2021-mantem-alta-do-ano-anterior\/#breadcrumb\"},\"inLanguage\":\"pt-BR\",\"potentialAction\":[{\"@type\":\"ReadAction\",\"target\":[\"https:\/\/www.oruc.com.br\/blog\/intencao-de-compra-para-a-black-friday-2021-mantem-alta-do-ano-anterior\/\"]}]},{\"@type\":\"ImageObject\",\"inLanguage\":\"pt-BR\",\"@id\":\"https:\/\/www.oruc.com.br\/blog\/intencao-de-compra-para-a-black-friday-2021-mantem-alta-do-ano-anterior\/#primaryimage\",\"url\":\"https:\/\/www.oruc.com.br\/blog\/wp-content\/uploads\/2021\/09\/Thumb_blog_noticia_black_friday-min.png\",\"contentUrl\":\"https:\/\/www.oruc.com.br\/blog\/wp-content\/uploads\/2021\/09\/Thumb_blog_noticia_black_friday-min.png\",\"width\":1024,\"height\":415,\"caption\":\"Black friday 2021: Inten\u00e7\u00f5es de compra mantem alta\"},{\"@type\":\"BreadcrumbList\",\"@id\":\"https:\/\/www.oruc.com.br\/blog\/intencao-de-compra-para-a-black-friday-2021-mantem-alta-do-ano-anterior\/#breadcrumb\",\"itemListElement\":[{\"@type\":\"ListItem\",\"position\":1,\"name\":\"In\u00edcio\",\"item\":\"https:\/\/www.oruc.com.br\/blog\/\"},{\"@type\":\"ListItem\",\"position\":2,\"name\":\"Inten\u00e7\u00e3o de compra para a Black Friday 2021 mant\u00e9m alta do ano anterior\"}]},{\"@type\":\"WebSite\",\"@id\":\"https:\/\/www.oruc.com.br\/blog\/#website\",\"url\":\"https:\/\/www.oruc.com.br\/blog\/\",\"name\":\"Oruc - Plataforma de E-commerce\",\"description\":\"Plataforma de Lojas Virtuais\",\"publisher\":{\"@id\":\"https:\/\/www.oruc.com.br\/blog\/#organization\"},\"potentialAction\":[{\"@type\":\"SearchAction\",\"target\":{\"@type\":\"EntryPoint\",\"urlTemplate\":\"https:\/\/www.oruc.com.br\/blog\/?s={search_term_string}\"},\"query-input\":{\"@type\":\"PropertyValueSpecification\",\"valueRequired\":true,\"valueName\":\"search_term_string\"}}],\"inLanguage\":\"pt-BR\"},{\"@type\":\"Organization\",\"@id\":\"https:\/\/www.oruc.com.br\/blog\/#organization\",\"name\":\"Oruc - Plataforma de E-commerce\",\"url\":\"https:\/\/www.oruc.com.br\/blog\/\",\"logo\":{\"@type\":\"ImageObject\",\"inLanguage\":\"pt-BR\",\"@id\":\"https:\/\/www.oruc.com.br\/blog\/#\/schema\/logo\/image\/\",\"url\":\"https:\/\/www.oruc.com.br\/blog\/wp-content\/uploads\/2018\/12\/logo-oruc.png\",\"contentUrl\":\"https:\/\/www.oruc.com.br\/blog\/wp-content\/uploads\/2018\/12\/logo-oruc.png\",\"width\":200,\"height\":60,\"caption\":\"Oruc - Plataforma de E-commerce\"},\"image\":{\"@id\":\"https:\/\/www.oruc.com.br\/blog\/#\/schema\/logo\/image\/\"},\"sameAs\":[\"https:\/\/www.facebook.com\/orucplataforma\",\"https:\/\/www.instagram.com\/orucplataforma\/\",\"https:\/\/www.youtube.com\/orucplataforma\"]},{\"@type\":\"Person\",\"@id\":\"https:\/\/www.oruc.com.br\/blog\/#\/schema\/person\/8bf9112edf4dce396eb3dd8c1c108c1e\",\"name\":\"Patrick Bedeschi\",\"image\":{\"@type\":\"ImageObject\",\"inLanguage\":\"pt-BR\",\"@id\":\"https:\/\/www.oruc.com.br\/blog\/#\/schema\/person\/image\/\",\"url\":\"https:\/\/secure.gravatar.com\/avatar\/e8f4feab1a76d5de01d9b5409162841a2703f2e4d5c0eb106128b8e6cf1068fa?s=96&d=mm&r=g\",\"contentUrl\":\"https:\/\/secure.gravatar.com\/avatar\/e8f4feab1a76d5de01d9b5409162841a2703f2e4d5c0eb106128b8e6cf1068fa?s=96&d=mm&r=g\",\"caption\":\"Patrick Bedeschi\"},\"url\":\"https:\/\/www.oruc.com.br\/blog\/author\/patrick\/\"}]}<\/script>\n<!-- \/ Yoast SEO plugin. -->","yoast_head_json":{"title":"Inten\u00e7\u00e3o de Compra para Black Friday 2021 permanece em alta - Oruc","description":"Pesquisa promovida pela empresa M\u00e9liuz aponta inten\u00e7\u00e3o positiva do p\u00fablico para compras na Black Friday 2021. Confira j\u00e1 a mat\u00e9ria completa.","robots":{"index":"index","follow":"follow","max-snippet":"max-snippet:-1","max-image-preview":"max-image-preview:large","max-video-preview":"max-video-preview:-1"},"canonical":"https:\/\/www.oruc.com.br\/blog\/intencao-de-compra-para-a-black-friday-2021-mantem-alta-do-ano-anterior\/","og_locale":"pt_BR","og_type":"article","og_title":"Inten\u00e7\u00e3o de Compra para Black Friday 2021 permanece em alta - Oruc","og_description":"Pesquisa promovida pela empresa M\u00e9liuz aponta inten\u00e7\u00e3o positiva do p\u00fablico para compras na Black Friday 2021. Confira j\u00e1 a mat\u00e9ria completa.","og_url":"https:\/\/www.oruc.com.br\/blog\/intencao-de-compra-para-a-black-friday-2021-mantem-alta-do-ano-anterior\/","og_site_name":"Oruc - Plataforma de E-commerce","article_publisher":"https:\/\/www.facebook.com\/orucplataforma","article_published_time":"2021-09-22T12:42:13+00:00","og_image":[{"width":1024,"height":415,"url":"https:\/\/www.oruc.com.br\/blog\/wp-content\/uploads\/2021\/09\/Thumb_blog_noticia_black_friday-min.png","type":"image\/png"}],"author":"Patrick Bedeschi","twitter_card":"summary_large_image","twitter_misc":{"Escrito por":"Patrick Bedeschi","Est. tempo de leitura":"2 minutos"},"schema":{"@context":"https:\/\/schema.org","@graph":[{"@type":"Article","@id":"https:\/\/www.oruc.com.br\/blog\/intencao-de-compra-para-a-black-friday-2021-mantem-alta-do-ano-anterior\/#article","isPartOf":{"@id":"https:\/\/www.oruc.com.br\/blog\/intencao-de-compra-para-a-black-friday-2021-mantem-alta-do-ano-anterior\/"},"author":{"name":"Patrick Bedeschi","@id":"https:\/\/www.oruc.com.br\/blog\/#\/schema\/person\/8bf9112edf4dce396eb3dd8c1c108c1e"},"headline":"Inten\u00e7\u00e3o de compra para a Black Friday 2021 mant\u00e9m alta do ano anterior","datePublished":"2021-09-22T12:42:13+00:00","mainEntityOfPage":{"@id":"https:\/\/www.oruc.com.br\/blog\/intencao-de-compra-para-a-black-friday-2021-mantem-alta-do-ano-anterior\/"},"wordCount":392,"commentCount":0,"publisher":{"@id":"https:\/\/www.oruc.com.br\/blog\/#organization"},"image":{"@id":"https:\/\/www.oruc.com.br\/blog\/intencao-de-compra-para-a-black-friday-2021-mantem-alta-do-ano-anterior\/#primaryimage"},"thumbnailUrl":"https:\/\/www.oruc.com.br\/blog\/wp-content\/uploads\/2021\/09\/Thumb_blog_noticia_black_friday-min.png","keywords":["Black Friday","black friday 2021","E-commerce","noticias","Vendas"],"articleSection":["E-commerce"],"inLanguage":"pt-BR","potentialAction":[{"@type":"CommentAction","name":"Comment","target":["https:\/\/www.oruc.com.br\/blog\/intencao-de-compra-para-a-black-friday-2021-mantem-alta-do-ano-anterior\/#respond"]}]},{"@type":"WebPage","@id":"https:\/\/www.oruc.com.br\/blog\/intencao-de-compra-para-a-black-friday-2021-mantem-alta-do-ano-anterior\/","url":"https:\/\/www.oruc.com.br\/blog\/intencao-de-compra-para-a-black-friday-2021-mantem-alta-do-ano-anterior\/","name":"Inten\u00e7\u00e3o de Compra para Black Friday 2021 permanece em alta - Oruc","isPartOf":{"@id":"https:\/\/www.oruc.com.br\/blog\/#website"},"primaryImageOfPage":{"@id":"https:\/\/www.oruc.com.br\/blog\/intencao-de-compra-para-a-black-friday-2021-mantem-alta-do-ano-anterior\/#primaryimage"},"image":{"@id":"https:\/\/www.oruc.com.br\/blog\/intencao-de-compra-para-a-black-friday-2021-mantem-alta-do-ano-anterior\/#primaryimage"},"thumbnailUrl":"https:\/\/www.oruc.com.br\/blog\/wp-content\/uploads\/2021\/09\/Thumb_blog_noticia_black_friday-min.png","datePublished":"2021-09-22T12:42:13+00:00","description":"Pesquisa promovida pela empresa M\u00e9liuz aponta inten\u00e7\u00e3o positiva do p\u00fablico para compras na Black Friday 2021. Confira j\u00e1 a mat\u00e9ria completa.","breadcrumb":{"@id":"https:\/\/www.oruc.com.br\/blog\/intencao-de-compra-para-a-black-friday-2021-mantem-alta-do-ano-anterior\/#breadcrumb"},"inLanguage":"pt-BR","potentialAction":[{"@type":"ReadAction","target":["https:\/\/www.oruc.com.br\/blog\/intencao-de-compra-para-a-black-friday-2021-mantem-alta-do-ano-anterior\/"]}]},{"@type":"ImageObject","inLanguage":"pt-BR","@id":"https:\/\/www.oruc.com.br\/blog\/intencao-de-compra-para-a-black-friday-2021-mantem-alta-do-ano-anterior\/#primaryimage","url":"https:\/\/www.oruc.com.br\/blog\/wp-content\/uploads\/2021\/09\/Thumb_blog_noticia_black_friday-min.png","contentUrl":"https:\/\/www.oruc.com.br\/blog\/wp-content\/uploads\/2021\/09\/Thumb_blog_noticia_black_friday-min.png","width":1024,"height":415,"caption":"Black friday 2021: Inten\u00e7\u00f5es de compra mantem alta"},{"@type":"BreadcrumbList","@id":"https:\/\/www.oruc.com.br\/blog\/intencao-de-compra-para-a-black-friday-2021-mantem-alta-do-ano-anterior\/#breadcrumb","itemListElement":[{"@type":"ListItem","position":1,"name":"In\u00edcio","item":"https:\/\/www.oruc.com.br\/blog\/"},{"@type":"ListItem","position":2,"name":"Inten\u00e7\u00e3o de compra para a Black Friday 2021 mant\u00e9m alta do ano anterior"}]},{"@type":"WebSite","@id":"https:\/\/www.oruc.com.br\/blog\/#website","url":"https:\/\/www.oruc.com.br\/blog\/","name":"Oruc - Plataforma de E-commerce","description":"Plataforma de Lojas Virtuais","publisher":{"@id":"https:\/\/www.oruc.com.br\/blog\/#organization"},"potentialAction":[{"@type":"SearchAction","target":{"@type":"EntryPoint","urlTemplate":"https:\/\/www.oruc.com.br\/blog\/?s={search_term_string}"},"query-input":{"@type":"PropertyValueSpecification","valueRequired":true,"valueName":"search_term_string"}}],"inLanguage":"pt-BR"},{"@type":"Organization","@id":"https:\/\/www.oruc.com.br\/blog\/#organization","name":"Oruc - Plataforma de E-commerce","url":"https:\/\/www.oruc.com.br\/blog\/","logo":{"@type":"ImageObject","inLanguage":"pt-BR","@id":"https:\/\/www.oruc.com.br\/blog\/#\/schema\/logo\/image\/","url":"https:\/\/www.oruc.com.br\/blog\/wp-content\/uploads\/2018\/12\/logo-oruc.png","contentUrl":"https:\/\/www.oruc.com.br\/blog\/wp-content\/uploads\/2018\/12\/logo-oruc.png","width":200,"height":60,"caption":"Oruc - Plataforma de E-commerce"},"image":{"@id":"https:\/\/www.oruc.com.br\/blog\/#\/schema\/logo\/image\/"},"sameAs":["https:\/\/www.facebook.com\/orucplataforma","https:\/\/www.instagram.com\/orucplataforma\/","https:\/\/www.youtube.com\/orucplataforma"]},{"@type":"Person","@id":"https:\/\/www.oruc.com.br\/blog\/#\/schema\/person\/8bf9112edf4dce396eb3dd8c1c108c1e","name":"Patrick Bedeschi","image":{"@type":"ImageObject","inLanguage":"pt-BR","@id":"https:\/\/www.oruc.com.br\/blog\/#\/schema\/person\/image\/","url":"https:\/\/secure.gravatar.com\/avatar\/e8f4feab1a76d5de01d9b5409162841a2703f2e4d5c0eb106128b8e6cf1068fa?s=96&d=mm&r=g","contentUrl":"https:\/\/secure.gravatar.com\/avatar\/e8f4feab1a76d5de01d9b5409162841a2703f2e4d5c0eb106128b8e6cf1068fa?s=96&d=mm&r=g","caption":"Patrick Bedeschi"},"url":"https:\/\/www.oruc.com.br\/blog\/author\/patrick\/"}]}},"jetpack_featured_media_url":"https:\/\/www.oruc.com.br\/blog\/wp-content\/uploads\/2021\/09\/Thumb_blog_noticia_black_friday-min.png","jetpack_shortlink":"https:\/\/wp.me\/padFXj-Eq","jetpack-related-posts":[{"id":2534,"url":"https:\/\/www.oruc.com.br\/blog\/vendas-da-black-friday-2021-tendem-a-serem-maiores\/","url_meta":{"origin":2506,"position":0},"title":"Black Friday: Vendas de 2021 podem superar recordes de 2020","author":"Patrick Bedeschi","date":"12\/10\/2021","format":false,"excerpt":"Estudos apontam para um poss\u00edvel recorde de vendas na Black Friday 2021. Acesse o artigo completo e confira. \u00a0","rel":"","context":"Em &quot;E-commerce&quot;","block_context":{"text":"E-commerce","link":"https:\/\/www.oruc.com.br\/blog\/categoria\/e-commerce\/"},"img":{"alt_text":"Vendas da Black Friday 2021 pode superar vendas de 2020","src":"https:\/\/i0.wp.com\/www.oruc.com.br\/blog\/wp-content\/uploads\/2021\/10\/Thumb-blog-noticia-black-friday-min.png?resize=350%2C200&ssl=1","width":350,"height":200,"srcset":"https:\/\/i0.wp.com\/www.oruc.com.br\/blog\/wp-content\/uploads\/2021\/10\/Thumb-blog-noticia-black-friday-min.png?resize=350%2C200&ssl=1 1x, https:\/\/i0.wp.com\/www.oruc.com.br\/blog\/wp-content\/uploads\/2021\/10\/Thumb-blog-noticia-black-friday-min.png?resize=525%2C300&ssl=1 1.5x, https:\/\/i0.wp.com\/www.oruc.com.br\/blog\/wp-content\/uploads\/2021\/10\/Thumb-blog-noticia-black-friday-min.png?resize=700%2C400&ssl=1 2x"},"classes":[]},{"id":2620,"url":"https:\/\/www.oruc.com.br\/blog\/black-friday-e-um-sucesso-e-fatura-54-bilhoes\/","url_meta":{"origin":2506,"position":1},"title":"Black Friday 2021 \u00e9 um sucesso e fatura R$ 5,4 bilh\u00f5es.","author":"Patrick Bedeschi","date":"01\/12\/2021","format":false,"excerpt":"Segundo relat\u00f3rio da empresa Neotrust o com\u00e9rcio eletr\u00f4nico faturou R$ 5,4 bilh\u00f5es na Black Friday 2021. Confira os n\u00fameros completos.","rel":"","context":"Em &quot;E-commerce&quot;","block_context":{"text":"E-commerce","link":"https:\/\/www.oruc.com.br\/blog\/categoria\/e-commerce\/"},"img":{"alt_text":"black friday \u00e9 um sucesso e fatura R$ 5,4 bilh\u00f5es","src":"https:\/\/i0.wp.com\/www.oruc.com.br\/blog\/wp-content\/uploads\/2021\/12\/thumb-blog-black-friday-e-um-sucessook-min.png?resize=350%2C200&ssl=1","width":350,"height":200,"srcset":"https:\/\/i0.wp.com\/www.oruc.com.br\/blog\/wp-content\/uploads\/2021\/12\/thumb-blog-black-friday-e-um-sucessook-min.png?resize=350%2C200&ssl=1 1x, https:\/\/i0.wp.com\/www.oruc.com.br\/blog\/wp-content\/uploads\/2021\/12\/thumb-blog-black-friday-e-um-sucessook-min.png?resize=525%2C300&ssl=1 1.5x, https:\/\/i0.wp.com\/www.oruc.com.br\/blog\/wp-content\/uploads\/2021\/12\/thumb-blog-black-friday-e-um-sucessook-min.png?resize=700%2C400&ssl=1 2x"},"classes":[]},{"id":2540,"url":"https:\/\/www.oruc.com.br\/blog\/black-friday-como-se-preparar\/","url_meta":{"origin":2506,"position":2},"title":"Black Friday 2023: Como Se Preparar.","author":"Patrick Bedeschi","date":"19\/10\/2021","format":false,"excerpt":"A Black Friday 2023 est\u00e1 chegando. Confira todas as nossas dicas de como preparar sua loja virtual e aproveitar ao m\u00e1ximo essa oportunidade.","rel":"","context":"Em &quot;Dicas&quot;","block_context":{"text":"Dicas","link":"https:\/\/www.oruc.com.br\/blog\/categoria\/dicas\/"},"img":{"alt_text":"","src":"https:\/\/i0.wp.com\/www.oruc.com.br\/blog\/wp-content\/uploads\/2021\/10\/Thumb-Blog-preparacao-Black-Friday-min.png?resize=350%2C200&ssl=1","width":350,"height":200,"srcset":"https:\/\/i0.wp.com\/www.oruc.com.br\/blog\/wp-content\/uploads\/2021\/10\/Thumb-Blog-preparacao-Black-Friday-min.png?resize=350%2C200&ssl=1 1x, https:\/\/i0.wp.com\/www.oruc.com.br\/blog\/wp-content\/uploads\/2021\/10\/Thumb-Blog-preparacao-Black-Friday-min.png?resize=525%2C300&ssl=1 1.5x, https:\/\/i0.wp.com\/www.oruc.com.br\/blog\/wp-content\/uploads\/2021\/10\/Thumb-Blog-preparacao-Black-Friday-min.png?resize=700%2C400&ssl=1 2x"},"classes":[]},{"id":2551,"url":"https:\/\/www.oruc.com.br\/blog\/comercio-eletronico-brasileiro-deve-crescer-31-em-2021\/","url_meta":{"origin":2506,"position":3},"title":"Com\u00e9rcio eletr\u00f4nico brasileiro deve crescer 31% em 2021","author":"Patrick Bedeschi","date":"26\/10\/2021","format":false,"excerpt":"Segundo o Grupo Goldman Sachs o com\u00e9rcio eletr\u00f4nico brasileiro deve fechar o ano de 2021 com um crescimento de 31%. Confira a mat\u00e9ria completa.","rel":"","context":"Em &quot;E-commerce&quot;","block_context":{"text":"E-commerce","link":"https:\/\/www.oruc.com.br\/blog\/categoria\/e-commerce\/"},"img":{"alt_text":"com\u00e9rcio eletr\u00f4nico de crescer 31% em 2021","src":"https:\/\/i0.wp.com\/www.oruc.com.br\/blog\/wp-content\/uploads\/2021\/10\/Thumb-blog-comercio-eletronico-de-crescer-31-em-2021.png?resize=350%2C200&ssl=1","width":350,"height":200,"srcset":"https:\/\/i0.wp.com\/www.oruc.com.br\/blog\/wp-content\/uploads\/2021\/10\/Thumb-blog-comercio-eletronico-de-crescer-31-em-2021.png?resize=350%2C200&ssl=1 1x, https:\/\/i0.wp.com\/www.oruc.com.br\/blog\/wp-content\/uploads\/2021\/10\/Thumb-blog-comercio-eletronico-de-crescer-31-em-2021.png?resize=525%2C300&ssl=1 1.5x, https:\/\/i0.wp.com\/www.oruc.com.br\/blog\/wp-content\/uploads\/2021\/10\/Thumb-blog-comercio-eletronico-de-crescer-31-em-2021.png?resize=700%2C400&ssl=1 2x"},"classes":[]},{"id":3652,"url":"https:\/\/www.oruc.com.br\/blog\/como-vender-mais-na-black-friday\/","url_meta":{"origin":2506,"position":4},"title":"Como se preparar para vender mais pela internet na Black Friday de 2024","author":"Patrick Bedeschi","date":"09\/10\/2023","format":false,"excerpt":"A Black Friday \u00e9 uma das principais datas para o e-commerce no Brasil. Confira como preparar sua loja para vender muito na Black Friday 2024.","rel":"","context":"Em &quot;Dicas&quot;","block_context":{"text":"Dicas","link":"https:\/\/www.oruc.com.br\/blog\/categoria\/dicas\/"},"img":{"alt_text":"como se preparar para vender na black friday","src":"https:\/\/i0.wp.com\/www.oruc.com.br\/blog\/wp-content\/uploads\/2023\/10\/Thumb-Blog-preparacao-Black-Friday-2024-min.png?resize=350%2C200&ssl=1","width":350,"height":200,"srcset":"https:\/\/i0.wp.com\/www.oruc.com.br\/blog\/wp-content\/uploads\/2023\/10\/Thumb-Blog-preparacao-Black-Friday-2024-min.png?resize=350%2C200&ssl=1 1x, https:\/\/i0.wp.com\/www.oruc.com.br\/blog\/wp-content\/uploads\/2023\/10\/Thumb-Blog-preparacao-Black-Friday-2024-min.png?resize=525%2C300&ssl=1 1.5x, https:\/\/i0.wp.com\/www.oruc.com.br\/blog\/wp-content\/uploads\/2023\/10\/Thumb-Blog-preparacao-Black-Friday-2024-min.png?resize=700%2C400&ssl=1 2x"},"classes":[]},{"id":1769,"url":"https:\/\/www.oruc.com.br\/blog\/black-friday-2020-como-preparar-loja-virtual\/","url_meta":{"origin":2506,"position":5},"title":"Black Friday 2020: prepare a sua loja virtual","author":"Lucas Uriel","date":"07\/10\/2020","format":false,"excerpt":"A Black Friday 2020 acontece no dia 27 de novembro. Esse ano a data promete resultados hist\u00f3ricos, voc\u00ea j\u00e1 preparou a sua loja virtual? Nesse artigo vamos te ajudar a fazer isso!","rel":"","context":"Em &quot;Dicas&quot;","block_context":{"text":"Dicas","link":"https:\/\/www.oruc.com.br\/blog\/categoria\/dicas\/"},"img":{"alt_text":"Black Friday 2020: tudo que voc\u00ea precisa saber!","src":"https:\/\/i0.wp.com\/www.oruc.com.br\/blog\/wp-content\/uploads\/2020\/10\/black-friday-oruc.png?resize=350%2C200&ssl=1","width":350,"height":200,"srcset":"https:\/\/i0.wp.com\/www.oruc.com.br\/blog\/wp-content\/uploads\/2020\/10\/black-friday-oruc.png?resize=350%2C200&ssl=1 1x, https:\/\/i0.wp.com\/www.oruc.com.br\/blog\/wp-content\/uploads\/2020\/10\/black-friday-oruc.png?resize=525%2C300&ssl=1 1.5x, https:\/\/i0.wp.com\/www.oruc.com.br\/blog\/wp-content\/uploads\/2020\/10\/black-friday-oruc.png?resize=700%2C400&ssl=1 2x, https:\/\/i0.wp.com\/www.oruc.com.br\/blog\/wp-content\/uploads\/2020\/10\/black-friday-oruc.png?resize=1050%2C600&ssl=1 3x"},"classes":[]}],"jetpack_sharing_enabled":true,"_links":{"self":[{"href":"https:\/\/www.oruc.com.br\/blog\/wp-json\/wp\/v2\/posts\/2506","targetHints":{"allow":["GET"]}}],"collection":[{"href":"https:\/\/www.oruc.com.br\/blog\/wp-json\/wp\/v2\/posts"}],"about":[{"href":"https:\/\/www.oruc.com.br\/blog\/wp-json\/wp\/v2\/types\/post"}],"author":[{"embeddable":true,"href":"https:\/\/www.oruc.com.br\/blog\/wp-json\/wp\/v2\/users\/6"}],"replies":[{"embeddable":true,"href":"https:\/\/www.oruc.com.br\/blog\/wp-json\/wp\/v2\/comments?post=2506"}],"version-history":[{"count":0,"href":"https:\/\/www.oruc.com.br\/blog\/wp-json\/wp\/v2\/posts\/2506\/revisions"}],"wp:featuredmedia":[{"embeddable":true,"href":"https:\/\/www.oruc.com.br\/blog\/wp-json\/wp\/v2\/media\/2509"}],"wp:attachment":[{"href":"https:\/\/www.oruc.com.br\/blog\/wp-json\/wp\/v2\/media?parent=2506"}],"wp:term":[{"taxonomy":"category","embeddable":true,"href":"https:\/\/www.oruc.com.br\/blog\/wp-json\/wp\/v2\/categories?post=2506"},{"taxonomy":"post_tag","embeddable":true,"href":"https:\/\/www.oruc.com.br\/blog\/wp-json\/wp\/v2\/tags?post=2506"}],"curies":[{"name":"wp","href":"https:\/\/api.w.org\/{rel}","templated":true}]}}