{"id":1602,"date":"2020-06-08T18:07:20","date_gmt":"2020-06-08T21:07:20","guid":{"rendered":"https:\/\/www.oruc.com.br\/blog\/?p=1602"},"modified":"2021-09-02T10:40:13","modified_gmt":"2021-09-02T13:40:13","slug":"datas-comemorativas-para-loja-virtual","status":"publish","type":"post","link":"https:\/\/www.oruc.com.br\/blog\/datas-comemorativas-para-loja-virtual\/","title":{"rendered":"Datas comemorativas: 6 erros para n\u00e3o cometer na sua loja virtual"},"content":{"rendered":"<h2>Datas comemorativas: 6 erros para n\u00e3o cometer na sua loja virtual<\/h2>\n<p>Quem tem um com\u00e9rcio, virtual ou f\u00edsico, sabe da import\u00e2ncia das datas comemorativas para o varejo. Em alguns casos \u00e9 poss\u00edvel observar um aumento percentual expressivo em vendas, isso porque as datas s\u00e3o consideradas um dos principais gatilhos para vender e comprar. Entretanto, algumas datas s\u00e3o muito pr\u00f3ximas e nem sempre as lojas conseguem o aumento das vendas de forma r\u00e1pida e f\u00e1cil. Isso acontece porque os varejistas devem se preparar melhor para tirar o m\u00e1ximo de proveito desses momentos. Nesse post, listamos os 6 Erros que os varejistas cometem e que devem ser evitados. Confira:<\/p>\n<p>&nbsp;<\/p>\n<div class=\"frame-video\"><iframe loading=\"lazy\" src=\"https:\/\/www.youtube.com\/embed\/_fY7ZNWIeqU\" width=\"560\" height=\"315\" frameborder=\"0\" allowfullscreen=\"allowfullscreen\"><span style=\"display: inline-block; width: 0px; overflow: hidden; line-height: 0;\" data-mce-type=\"bookmark\" class=\"mce_SELRES_start\">\ufeff<\/span><\/iframe><\/div>\n<p>&nbsp;<\/p>\n<h4>1 \u2013 N\u00e3o montar um calend\u00e1rio de campanhas<\/h4>\n<p>Todos os anos temos as datas comemorativas, isso \u00e9 algo que voc\u00ea j\u00e1 sabe. Algumas delas sofrem altera\u00e7\u00f5es no calend\u00e1rio, por isso \u00e9 necess\u00e1rio que <strong>no in\u00edcio de cada ano voc\u00ea mapeie todas as datas e campanhas que ter\u00e1 no ano<\/strong>. Assim, voc\u00ea consegue definir marcos de in\u00edcio de planejamento, execu\u00e7\u00e3o e final de cada campanha. Deixando claro como vai ser o seu trabalho nas a\u00e7\u00f5es e tamb\u00e9m evitando que as campanhas de algumas datas entrem em conflito ou que voc\u00ea se esque\u00e7a de alguma. Pegue a\u00ed o seu calend\u00e1rio, veja quais s\u00e3o as datas que fazem sentido para a sua loja virtual e determine uma data de planejamento, execu\u00e7\u00e3o e final das campanhas. N\u00e3o deixe para depois.<\/p>\n<h4>2 \u2013 Deixar para planejar em cima da hora<\/h4>\n<p>Planejar conte\u00fado para uma campanha n\u00e3o \u00e9 uma tarefa t\u00e3o simples como parece. Exige tempo, criatividade e acima de tudo: muita organiza\u00e7\u00e3o. <strong>Deixar tudo para ser feito nas \u00faltimas horas aumenta o risco de falhas<\/strong>, insatisfa\u00e7\u00e3o dos clientes e pode gerar mais gastos. Na maioria dos casos o planejamento come\u00e7a meses antes da data. Com ele vem todas as fun\u00e7\u00f5es e profissionais envolvidos, tudo descrito com muita clareza e detalhando etapa por etapa.<\/p>\n<p>Quando falamos planejamento estamos incluindo toda a sua campanha para a data: divulga\u00e7\u00e3o nas redes sociais, divulga\u00e7\u00e3o off-line, verifica\u00e7\u00e3o de dados e informa\u00e7\u00f5es da loja virtual, revis\u00e3o de estoque e proje\u00e7\u00e3o de descontos. Nenhuma etapa pode ser deixada de lado.<\/p>\n<h4>3 \u2013 N\u00e3o sair dos clich\u00eas<\/h4>\n<p>\u00c9 fato que as lojas que conseguem maior destaque e vendas nas datas comemorativas s\u00e3o aquelas que prop\u00f5em campanhas inovadoras, com mensagens afetivas e com muita identidade. Entretanto, muitos varejistas ainda apostam nos velhos clich\u00eas e isso n\u00e3o \u00e9 nada bom. Isso acontece muitas vezes pelo medo do posicionamento, mas lembre-se: <strong>hoje as pessoas querem comprar de marcas com prop\u00f3sito<\/strong>. Pense algo diferente do que voc\u00ea viu nos \u00faltimos anos! Aqui \u00e9 importante avaliar o posicionamento da sua marca, para que a campanha tenha tudo a ver com a imagem que a sua loja virtual vem construindo. N\u00e3o sabe o que fazer? Pergunte \u00e0s pessoas pr\u00f3ximas a voc\u00ea o que elas gostariam de ver em uma campanha de determinada data, isso pode te trazer v\u00e1rios insights.<\/p>\n<h4>4 \u2013 Desconhecer o p\u00fablico-alvo<\/h4>\n<p>\u00c9 muito importante saber com quem voc\u00ea fala desde o primeiro dia da divulga\u00e7\u00e3o da sua loja virtual e nas datas comemorativas isso se intensifica mais. Por exemplo, para a campanha do dia das m\u00e3es voc\u00ea precisa se comunicar com as m\u00e3es para parabeniz\u00e1-las, mas quem compra na verdade s\u00e3o os filhos. E isso precisa ser muito bem definido: <strong>o que vai ser uma a\u00e7\u00e3o para venda e o que vai ser para valoriza\u00e7\u00e3o da data<\/strong>. Em alguns casos voc\u00ea pode fazer os dois em um s\u00f3, mas \u00e9 necess\u00e1rio pensar muito bem antes de veicular qualquer mensagem.<\/p>\n<p>Outra dica \u00e9 voc\u00ea <strong>olhar para as suas personas<\/strong> atuais e tentar adapt\u00e1-las nas estrat\u00e9gias das datas. E caso n\u00e3o tenha, crie personas para a sua campanha da data em execu\u00e7\u00e3o, assim, voc\u00ea pode diminuir as chances de se comunicar errado.<\/p>\n<h4>5 \u2013 Esquecer de lan\u00e7ar avisos pr\u00e9vios sobre as datas<\/h4>\n<p>As pessoas que visitam a sua loja <strong>podem (e devem) saber que uma campanha especial est\u00e1 se aproximando<\/strong>. Isso ajudar\u00e1 a garantir o retorno delas quando a campanha estiver ativa. Esse aviso pr\u00e9vio pode ser feito de diversas formas, e-mail, banners no site, mensagens e postagens nas redes sociais. Tenha sempre em mente que o mist\u00e9rio acerca do que est\u00e1 por vir gera muitos gatilhos de curiosidade que v\u00e3o fazer seus clientes ficarem ansiosos pelas oportunidades pr\u00f3ximas, no caso dos descontos por exemplo. Alguns marketplaces como <a href=\"https:\/\/www.americanas.com.br\/\" target=\"_blank\" rel=\"noopener noreferrer\">Americanas<\/a> e <a href=\"https:\/\/www.magazineluiza.com.br\/\" target=\"_blank\" rel=\"noopener noreferrer\">Magazine Luiza<\/a> fazem isso muito bem, vale acompanhar!<\/p>\n<h4>6 \u2013 N\u00e3o utilizar essas datas para fortalecer o relacionamento<\/h4>\n<p>\u00c9 muito importante pensar al\u00e9m da venda: como a campanha da data em quest\u00e3o te ajudar\u00e1 a fidelizar seus clientes? Pensar <strong>desde o atendimento mais personalizado at\u00e9 o tom da mensagem que est\u00e1 sendo veiculada<\/strong>, tudo importa nesse momento. Ter uma campanha que fortalece a sua marca e consequentemente gera mais vendas \u00e9 a certeza de um bom posicionamento no mercado. Assim, as pessoas realmente est\u00e3o vendo valor na sua marca. Alcan\u00e7ando esse marco, se planeje para uma pr\u00f3xima data nos mesmos padr\u00f5es e n\u00e3o perder\u00e1 a visibilidade das pessoas.<\/p>\n<p>N\u00e3o h\u00e1 d\u00favidas que as datas comemorativas t\u00eam um potencial incr\u00edvel para as lojas virtuais, desde que o lojista se preocupe e as valorize. Por isso, esperamos que voc\u00ea tenha anotado todas essas dicas e j\u00e1 comece a praticar agora: pegue o seu calend\u00e1rio e veja todos os recursos que voc\u00ea tem para planejar a campanha da pr\u00f3xima data. E se surgir aquela d\u00favida sobre como gerenciar o conte\u00fado nas redes sociais, voc\u00ea pode consultar dicas sobre esse assunto: <strong><a href=\"https:\/\/www.oruc.com.br\/blog\/tag\/marketing\/\" target=\"_blank\" rel=\"noopener noreferrer\">acesse agora o nosso artigo sobre tema<\/a>.<\/strong><\/p>\n<p style=\"text-align: center;\"><a class=\"btn btn-primary btn-success standard-button\" href=\"https:\/\/www.oruc.com.br\/109653\" target=\"_blank\" rel=\"noopener noreferrer\">Crie a sua loja e teste gr\u00e1tis por 15 dias<\/a><\/p>\n","protected":false},"excerpt":{"rendered":"<p>A maioria dos varejistas n\u00e3o aproveitam o poder das datas comemorativas. Entra ano e sai ano, erros continuam acontecendo. Nesse post vamos te explicar o que voc\u00ea deve evitar para ter uma \u00f3tima campanha!<\/p>\n","protected":false},"author":5,"featured_media":1604,"comment_status":"open","ping_status":"open","sticky":false,"template":"","format":"standard","meta":{"jetpack_post_was_ever_published":false,"_jetpack_newsletter_access":"","_jetpack_dont_email_post_to_subs":false,"_jetpack_newsletter_tier_id":0,"_jetpack_memberships_contains_paywalled_content":false,"_jetpack_memberships_contains_paid_content":false,"footnotes":""},"categories":[17],"tags":[119,16,13,40,30],"class_list":["post-1602","post","type-post","status-publish","format-standard","has-post-thumbnail","hentry","category-dicas","tag-divulgacao","tag-loja-de-sucesso","tag-loja-virtual","tag-marketing","tag-marketing-digital"],"yoast_head":"<!-- This site is optimized with the Yoast SEO plugin v24.9 - https:\/\/yoast.com\/wordpress\/plugins\/seo\/ -->\n<title>Datas comemorativas: 6 erros para n\u00e3o cometer na sua loja virtual - Oruc - Plataforma de E-commerce<\/title>\n<meta name=\"description\" content=\"A maioria dos varejistas n\u00e3o aproveitam o poder das datas comemorativas. Nesse post vamos te explicar o que voc\u00ea deve evitar para ter uma \u00f3tima campanha!\" \/>\n<meta name=\"robots\" content=\"index, follow, max-snippet:-1, max-image-preview:large, max-video-preview:-1\" \/>\n<link rel=\"canonical\" href=\"https:\/\/www.oruc.com.br\/blog\/datas-comemorativas-para-loja-virtual\/\" \/>\n<meta property=\"og:locale\" content=\"pt_BR\" \/>\n<meta property=\"og:type\" content=\"article\" \/>\n<meta property=\"og:title\" content=\"Datas comemorativas: 6 erros para n\u00e3o cometer na sua loja virtual - Oruc - Plataforma de E-commerce\" \/>\n<meta property=\"og:description\" content=\"A maioria dos varejistas n\u00e3o aproveitam o poder das datas comemorativas. Nesse post vamos te explicar o que voc\u00ea deve evitar para ter uma \u00f3tima campanha!\" \/>\n<meta property=\"og:url\" content=\"https:\/\/www.oruc.com.br\/blog\/datas-comemorativas-para-loja-virtual\/\" \/>\n<meta property=\"og:site_name\" content=\"Oruc - Plataforma de E-commerce\" \/>\n<meta property=\"article:publisher\" content=\"https:\/\/www.facebook.com\/orucplataforma\" \/>\n<meta property=\"article:published_time\" content=\"2020-06-08T21:07:20+00:00\" \/>\n<meta property=\"article:modified_time\" content=\"2021-09-02T13:40:13+00:00\" \/>\n<meta property=\"og:image\" content=\"https:\/\/www.oruc.com.br\/blog\/wp-content\/uploads\/2020\/06\/datas-comemorativas-fb.png\" \/>\n\t<meta property=\"og:image:width\" content=\"1200\" \/>\n\t<meta property=\"og:image:height\" content=\"630\" \/>\n\t<meta property=\"og:image:type\" content=\"image\/png\" \/>\n<meta name=\"author\" content=\"Lucas Uriel\" \/>\n<meta name=\"twitter:card\" content=\"summary_large_image\" \/>\n<meta name=\"twitter:label1\" content=\"Escrito por\" \/>\n\t<meta name=\"twitter:data1\" content=\"Lucas Uriel\" \/>\n\t<meta name=\"twitter:label2\" content=\"Est. tempo de leitura\" \/>\n\t<meta name=\"twitter:data2\" content=\"5 minutos\" \/>\n<script type=\"application\/ld+json\" class=\"yoast-schema-graph\">{\"@context\":\"https:\/\/schema.org\",\"@graph\":[{\"@type\":\"Article\",\"@id\":\"https:\/\/www.oruc.com.br\/blog\/datas-comemorativas-para-loja-virtual\/#article\",\"isPartOf\":{\"@id\":\"https:\/\/www.oruc.com.br\/blog\/datas-comemorativas-para-loja-virtual\/\"},\"author\":{\"name\":\"Lucas Uriel\",\"@id\":\"https:\/\/www.oruc.com.br\/blog\/#\/schema\/person\/c03ed460661bb51ff8fe62bbb07d9c5b\"},\"headline\":\"Datas comemorativas: 6 erros para n\u00e3o cometer na sua loja virtual\",\"datePublished\":\"2020-06-08T21:07:20+00:00\",\"dateModified\":\"2021-09-02T13:40:13+00:00\",\"mainEntityOfPage\":{\"@id\":\"https:\/\/www.oruc.com.br\/blog\/datas-comemorativas-para-loja-virtual\/\"},\"wordCount\":1004,\"commentCount\":0,\"publisher\":{\"@id\":\"https:\/\/www.oruc.com.br\/blog\/#organization\"},\"image\":{\"@id\":\"https:\/\/www.oruc.com.br\/blog\/datas-comemorativas-para-loja-virtual\/#primaryimage\"},\"thumbnailUrl\":\"https:\/\/www.oruc.com.br\/blog\/wp-content\/uploads\/2020\/06\/datas-comemorativas.png\",\"keywords\":[\"Divulga\u00e7\u00e3o\",\"Loja de Sucesso\",\"Loja Virtual\",\"Marketing\",\"Marketing Digital\"],\"articleSection\":[\"Dicas\"],\"inLanguage\":\"pt-BR\",\"potentialAction\":[{\"@type\":\"CommentAction\",\"name\":\"Comment\",\"target\":[\"https:\/\/www.oruc.com.br\/blog\/datas-comemorativas-para-loja-virtual\/#respond\"]}]},{\"@type\":\"WebPage\",\"@id\":\"https:\/\/www.oruc.com.br\/blog\/datas-comemorativas-para-loja-virtual\/\",\"url\":\"https:\/\/www.oruc.com.br\/blog\/datas-comemorativas-para-loja-virtual\/\",\"name\":\"Datas comemorativas: 6 erros para n\u00e3o cometer na sua loja virtual - Oruc - Plataforma de E-commerce\",\"isPartOf\":{\"@id\":\"https:\/\/www.oruc.com.br\/blog\/#website\"},\"primaryImageOfPage\":{\"@id\":\"https:\/\/www.oruc.com.br\/blog\/datas-comemorativas-para-loja-virtual\/#primaryimage\"},\"image\":{\"@id\":\"https:\/\/www.oruc.com.br\/blog\/datas-comemorativas-para-loja-virtual\/#primaryimage\"},\"thumbnailUrl\":\"https:\/\/www.oruc.com.br\/blog\/wp-content\/uploads\/2020\/06\/datas-comemorativas.png\",\"datePublished\":\"2020-06-08T21:07:20+00:00\",\"dateModified\":\"2021-09-02T13:40:13+00:00\",\"description\":\"A maioria dos varejistas n\u00e3o aproveitam o poder das datas comemorativas. Nesse post vamos te explicar o que voc\u00ea deve evitar para ter uma \u00f3tima campanha!\",\"breadcrumb\":{\"@id\":\"https:\/\/www.oruc.com.br\/blog\/datas-comemorativas-para-loja-virtual\/#breadcrumb\"},\"inLanguage\":\"pt-BR\",\"potentialAction\":[{\"@type\":\"ReadAction\",\"target\":[\"https:\/\/www.oruc.com.br\/blog\/datas-comemorativas-para-loja-virtual\/\"]}]},{\"@type\":\"ImageObject\",\"inLanguage\":\"pt-BR\",\"@id\":\"https:\/\/www.oruc.com.br\/blog\/datas-comemorativas-para-loja-virtual\/#primaryimage\",\"url\":\"https:\/\/www.oruc.com.br\/blog\/wp-content\/uploads\/2020\/06\/datas-comemorativas.png\",\"contentUrl\":\"https:\/\/www.oruc.com.br\/blog\/wp-content\/uploads\/2020\/06\/datas-comemorativas.png\",\"width\":1110,\"height\":450,\"caption\":\"Aproveite ao m\u00e1ximo a divulga\u00e7\u00e3o da data comemorativa!\"},{\"@type\":\"BreadcrumbList\",\"@id\":\"https:\/\/www.oruc.com.br\/blog\/datas-comemorativas-para-loja-virtual\/#breadcrumb\",\"itemListElement\":[{\"@type\":\"ListItem\",\"position\":1,\"name\":\"In\u00edcio\",\"item\":\"https:\/\/www.oruc.com.br\/blog\/\"},{\"@type\":\"ListItem\",\"position\":2,\"name\":\"Datas comemorativas: 6 erros para n\u00e3o cometer na sua loja virtual\"}]},{\"@type\":\"WebSite\",\"@id\":\"https:\/\/www.oruc.com.br\/blog\/#website\",\"url\":\"https:\/\/www.oruc.com.br\/blog\/\",\"name\":\"Oruc - Plataforma de E-commerce\",\"description\":\"Plataforma de Lojas Virtuais\",\"publisher\":{\"@id\":\"https:\/\/www.oruc.com.br\/blog\/#organization\"},\"potentialAction\":[{\"@type\":\"SearchAction\",\"target\":{\"@type\":\"EntryPoint\",\"urlTemplate\":\"https:\/\/www.oruc.com.br\/blog\/?s={search_term_string}\"},\"query-input\":{\"@type\":\"PropertyValueSpecification\",\"valueRequired\":true,\"valueName\":\"search_term_string\"}}],\"inLanguage\":\"pt-BR\"},{\"@type\":\"Organization\",\"@id\":\"https:\/\/www.oruc.com.br\/blog\/#organization\",\"name\":\"Oruc - Plataforma de E-commerce\",\"url\":\"https:\/\/www.oruc.com.br\/blog\/\",\"logo\":{\"@type\":\"ImageObject\",\"inLanguage\":\"pt-BR\",\"@id\":\"https:\/\/www.oruc.com.br\/blog\/#\/schema\/logo\/image\/\",\"url\":\"https:\/\/www.oruc.com.br\/blog\/wp-content\/uploads\/2018\/12\/logo-oruc.png\",\"contentUrl\":\"https:\/\/www.oruc.com.br\/blog\/wp-content\/uploads\/2018\/12\/logo-oruc.png\",\"width\":200,\"height\":60,\"caption\":\"Oruc - Plataforma de E-commerce\"},\"image\":{\"@id\":\"https:\/\/www.oruc.com.br\/blog\/#\/schema\/logo\/image\/\"},\"sameAs\":[\"https:\/\/www.facebook.com\/orucplataforma\",\"https:\/\/www.instagram.com\/orucplataforma\/\",\"https:\/\/www.youtube.com\/orucplataforma\"]},{\"@type\":\"Person\",\"@id\":\"https:\/\/www.oruc.com.br\/blog\/#\/schema\/person\/c03ed460661bb51ff8fe62bbb07d9c5b\",\"name\":\"Lucas Uriel\",\"image\":{\"@type\":\"ImageObject\",\"inLanguage\":\"pt-BR\",\"@id\":\"https:\/\/www.oruc.com.br\/blog\/#\/schema\/person\/image\/\",\"url\":\"https:\/\/secure.gravatar.com\/avatar\/5d17ecc7f2471f6149af518fa059f46877acadcc9301a3b4baa57616b256f873?s=96&d=mm&r=g\",\"contentUrl\":\"https:\/\/secure.gravatar.com\/avatar\/5d17ecc7f2471f6149af518fa059f46877acadcc9301a3b4baa57616b256f873?s=96&d=mm&r=g\",\"caption\":\"Lucas Uriel\"},\"sameAs\":[\"https:\/\/www.instagram.com\/eulucasuriel\",\"https:\/\/www.linkedin.com\/in\/eulucasuriel\/\"],\"url\":\"https:\/\/www.oruc.com.br\/blog\/author\/lucas\/\"}]}<\/script>\n<!-- \/ Yoast SEO plugin. -->","yoast_head_json":{"title":"Datas comemorativas: 6 erros para n\u00e3o cometer na sua loja virtual - Oruc - Plataforma de E-commerce","description":"A maioria dos varejistas n\u00e3o aproveitam o poder das datas comemorativas. Nesse post vamos te explicar o que voc\u00ea deve evitar para ter uma \u00f3tima campanha!","robots":{"index":"index","follow":"follow","max-snippet":"max-snippet:-1","max-image-preview":"max-image-preview:large","max-video-preview":"max-video-preview:-1"},"canonical":"https:\/\/www.oruc.com.br\/blog\/datas-comemorativas-para-loja-virtual\/","og_locale":"pt_BR","og_type":"article","og_title":"Datas comemorativas: 6 erros para n\u00e3o cometer na sua loja virtual - Oruc - Plataforma de E-commerce","og_description":"A maioria dos varejistas n\u00e3o aproveitam o poder das datas comemorativas. Nesse post vamos te explicar o que voc\u00ea deve evitar para ter uma \u00f3tima campanha!","og_url":"https:\/\/www.oruc.com.br\/blog\/datas-comemorativas-para-loja-virtual\/","og_site_name":"Oruc - Plataforma de E-commerce","article_publisher":"https:\/\/www.facebook.com\/orucplataforma","article_published_time":"2020-06-08T21:07:20+00:00","article_modified_time":"2021-09-02T13:40:13+00:00","og_image":[{"width":1200,"height":630,"url":"https:\/\/www.oruc.com.br\/blog\/wp-content\/uploads\/2020\/06\/datas-comemorativas-fb.png","type":"image\/png"}],"author":"Lucas Uriel","twitter_card":"summary_large_image","twitter_misc":{"Escrito por":"Lucas Uriel","Est. tempo de leitura":"5 minutos"},"schema":{"@context":"https:\/\/schema.org","@graph":[{"@type":"Article","@id":"https:\/\/www.oruc.com.br\/blog\/datas-comemorativas-para-loja-virtual\/#article","isPartOf":{"@id":"https:\/\/www.oruc.com.br\/blog\/datas-comemorativas-para-loja-virtual\/"},"author":{"name":"Lucas Uriel","@id":"https:\/\/www.oruc.com.br\/blog\/#\/schema\/person\/c03ed460661bb51ff8fe62bbb07d9c5b"},"headline":"Datas comemorativas: 6 erros para n\u00e3o cometer na sua loja virtual","datePublished":"2020-06-08T21:07:20+00:00","dateModified":"2021-09-02T13:40:13+00:00","mainEntityOfPage":{"@id":"https:\/\/www.oruc.com.br\/blog\/datas-comemorativas-para-loja-virtual\/"},"wordCount":1004,"commentCount":0,"publisher":{"@id":"https:\/\/www.oruc.com.br\/blog\/#organization"},"image":{"@id":"https:\/\/www.oruc.com.br\/blog\/datas-comemorativas-para-loja-virtual\/#primaryimage"},"thumbnailUrl":"https:\/\/www.oruc.com.br\/blog\/wp-content\/uploads\/2020\/06\/datas-comemorativas.png","keywords":["Divulga\u00e7\u00e3o","Loja de Sucesso","Loja Virtual","Marketing","Marketing Digital"],"articleSection":["Dicas"],"inLanguage":"pt-BR","potentialAction":[{"@type":"CommentAction","name":"Comment","target":["https:\/\/www.oruc.com.br\/blog\/datas-comemorativas-para-loja-virtual\/#respond"]}]},{"@type":"WebPage","@id":"https:\/\/www.oruc.com.br\/blog\/datas-comemorativas-para-loja-virtual\/","url":"https:\/\/www.oruc.com.br\/blog\/datas-comemorativas-para-loja-virtual\/","name":"Datas comemorativas: 6 erros para n\u00e3o cometer na sua loja virtual - Oruc - Plataforma de E-commerce","isPartOf":{"@id":"https:\/\/www.oruc.com.br\/blog\/#website"},"primaryImageOfPage":{"@id":"https:\/\/www.oruc.com.br\/blog\/datas-comemorativas-para-loja-virtual\/#primaryimage"},"image":{"@id":"https:\/\/www.oruc.com.br\/blog\/datas-comemorativas-para-loja-virtual\/#primaryimage"},"thumbnailUrl":"https:\/\/www.oruc.com.br\/blog\/wp-content\/uploads\/2020\/06\/datas-comemorativas.png","datePublished":"2020-06-08T21:07:20+00:00","dateModified":"2021-09-02T13:40:13+00:00","description":"A maioria dos varejistas n\u00e3o aproveitam o poder das datas comemorativas. Nesse post vamos te explicar o que voc\u00ea deve evitar para ter uma \u00f3tima campanha!","breadcrumb":{"@id":"https:\/\/www.oruc.com.br\/blog\/datas-comemorativas-para-loja-virtual\/#breadcrumb"},"inLanguage":"pt-BR","potentialAction":[{"@type":"ReadAction","target":["https:\/\/www.oruc.com.br\/blog\/datas-comemorativas-para-loja-virtual\/"]}]},{"@type":"ImageObject","inLanguage":"pt-BR","@id":"https:\/\/www.oruc.com.br\/blog\/datas-comemorativas-para-loja-virtual\/#primaryimage","url":"https:\/\/www.oruc.com.br\/blog\/wp-content\/uploads\/2020\/06\/datas-comemorativas.png","contentUrl":"https:\/\/www.oruc.com.br\/blog\/wp-content\/uploads\/2020\/06\/datas-comemorativas.png","width":1110,"height":450,"caption":"Aproveite ao m\u00e1ximo a divulga\u00e7\u00e3o da data comemorativa!"},{"@type":"BreadcrumbList","@id":"https:\/\/www.oruc.com.br\/blog\/datas-comemorativas-para-loja-virtual\/#breadcrumb","itemListElement":[{"@type":"ListItem","position":1,"name":"In\u00edcio","item":"https:\/\/www.oruc.com.br\/blog\/"},{"@type":"ListItem","position":2,"name":"Datas comemorativas: 6 erros para n\u00e3o cometer na sua loja virtual"}]},{"@type":"WebSite","@id":"https:\/\/www.oruc.com.br\/blog\/#website","url":"https:\/\/www.oruc.com.br\/blog\/","name":"Oruc - Plataforma de E-commerce","description":"Plataforma de Lojas Virtuais","publisher":{"@id":"https:\/\/www.oruc.com.br\/blog\/#organization"},"potentialAction":[{"@type":"SearchAction","target":{"@type":"EntryPoint","urlTemplate":"https:\/\/www.oruc.com.br\/blog\/?s={search_term_string}"},"query-input":{"@type":"PropertyValueSpecification","valueRequired":true,"valueName":"search_term_string"}}],"inLanguage":"pt-BR"},{"@type":"Organization","@id":"https:\/\/www.oruc.com.br\/blog\/#organization","name":"Oruc - Plataforma de E-commerce","url":"https:\/\/www.oruc.com.br\/blog\/","logo":{"@type":"ImageObject","inLanguage":"pt-BR","@id":"https:\/\/www.oruc.com.br\/blog\/#\/schema\/logo\/image\/","url":"https:\/\/www.oruc.com.br\/blog\/wp-content\/uploads\/2018\/12\/logo-oruc.png","contentUrl":"https:\/\/www.oruc.com.br\/blog\/wp-content\/uploads\/2018\/12\/logo-oruc.png","width":200,"height":60,"caption":"Oruc - Plataforma de E-commerce"},"image":{"@id":"https:\/\/www.oruc.com.br\/blog\/#\/schema\/logo\/image\/"},"sameAs":["https:\/\/www.facebook.com\/orucplataforma","https:\/\/www.instagram.com\/orucplataforma\/","https:\/\/www.youtube.com\/orucplataforma"]},{"@type":"Person","@id":"https:\/\/www.oruc.com.br\/blog\/#\/schema\/person\/c03ed460661bb51ff8fe62bbb07d9c5b","name":"Lucas Uriel","image":{"@type":"ImageObject","inLanguage":"pt-BR","@id":"https:\/\/www.oruc.com.br\/blog\/#\/schema\/person\/image\/","url":"https:\/\/secure.gravatar.com\/avatar\/5d17ecc7f2471f6149af518fa059f46877acadcc9301a3b4baa57616b256f873?s=96&d=mm&r=g","contentUrl":"https:\/\/secure.gravatar.com\/avatar\/5d17ecc7f2471f6149af518fa059f46877acadcc9301a3b4baa57616b256f873?s=96&d=mm&r=g","caption":"Lucas Uriel"},"sameAs":["https:\/\/www.instagram.com\/eulucasuriel","https:\/\/www.linkedin.com\/in\/eulucasuriel\/"],"url":"https:\/\/www.oruc.com.br\/blog\/author\/lucas\/"}]}},"jetpack_featured_media_url":"https:\/\/www.oruc.com.br\/blog\/wp-content\/uploads\/2020\/06\/datas-comemorativas.png","jetpack_shortlink":"https:\/\/wp.me\/padFXj-pQ","jetpack-related-posts":[{"id":1868,"url":"https:\/\/www.oruc.com.br\/blog\/calendario-do-ecommerce-2024\/","url_meta":{"origin":1602,"position":0},"title":"Calend\u00e1rio do E-commerce 2024 \u2013 Melhores datas para lojas virtuais","author":"Samuel Lima","date":"19\/09\/2023","format":false,"excerpt":"Baixe aqui o calend\u00e1rio do e-commerce 2024 completo. Fique por dentro das datas mais importantes para sua loja virtual.","rel":"","context":"Em &quot;Dicas&quot;","block_context":{"text":"Dicas","link":"https:\/\/www.oruc.com.br\/blog\/categoria\/dicas\/"},"img":{"alt_text":"","src":"https:\/\/i0.wp.com\/www.oruc.com.br\/blog\/wp-content\/uploads\/2022\/11\/Thumb-Blog-calendario-do-e-commerce-2024-min.png?resize=350%2C200&ssl=1","width":350,"height":200,"srcset":"https:\/\/i0.wp.com\/www.oruc.com.br\/blog\/wp-content\/uploads\/2022\/11\/Thumb-Blog-calendario-do-e-commerce-2024-min.png?resize=350%2C200&ssl=1 1x, https:\/\/i0.wp.com\/www.oruc.com.br\/blog\/wp-content\/uploads\/2022\/11\/Thumb-Blog-calendario-do-e-commerce-2024-min.png?resize=525%2C300&ssl=1 1.5x, https:\/\/i0.wp.com\/www.oruc.com.br\/blog\/wp-content\/uploads\/2022\/11\/Thumb-Blog-calendario-do-e-commerce-2024-min.png?resize=700%2C400&ssl=1 2x"},"classes":[]},{"id":3609,"url":"https:\/\/www.oruc.com.br\/blog\/calendario-do-ecommerce-2023\/","url_meta":{"origin":1602,"position":1},"title":"Calend\u00e1rio do E-commerce 2023 \u2013 Melhores datas para lojas virtuais","author":"Patrick Bedeschi","date":"18\/09\/2023","format":false,"excerpt":"Baixe aqui o calend\u00e1rio do e-commerce 2023 completo. Fique por dentro das datas mais importantes para sua loja virtual.","rel":"","context":"Em &quot;Dicas&quot;","block_context":{"text":"Dicas","link":"https:\/\/www.oruc.com.br\/blog\/categoria\/dicas\/"},"img":{"alt_text":"Calend\u00e1rio do E-commerce - Melhores datas para lojas virtuais","src":"https:\/\/i0.wp.com\/www.oruc.com.br\/blog\/wp-content\/uploads\/2020\/12\/calendario-ecommerce-2021-melhores-datas.png?resize=350%2C200&ssl=1","width":350,"height":200,"srcset":"https:\/\/i0.wp.com\/www.oruc.com.br\/blog\/wp-content\/uploads\/2020\/12\/calendario-ecommerce-2021-melhores-datas.png?resize=350%2C200&ssl=1 1x, https:\/\/i0.wp.com\/www.oruc.com.br\/blog\/wp-content\/uploads\/2020\/12\/calendario-ecommerce-2021-melhores-datas.png?resize=525%2C300&ssl=1 1.5x, https:\/\/i0.wp.com\/www.oruc.com.br\/blog\/wp-content\/uploads\/2020\/12\/calendario-ecommerce-2021-melhores-datas.png?resize=700%2C400&ssl=1 2x, https:\/\/i0.wp.com\/www.oruc.com.br\/blog\/wp-content\/uploads\/2020\/12\/calendario-ecommerce-2021-melhores-datas.png?resize=1050%2C600&ssl=1 3x"},"classes":[]},{"id":1843,"url":"https:\/\/www.oruc.com.br\/blog\/crm-para-lojas-virtuais\/","url_meta":{"origin":1602,"position":2},"title":"CRM para lojas virtuais: quais s\u00e3o os benef\u00edcios?","author":"Lucas Uriel","date":"23\/11\/2020","format":false,"excerpt":"Com o avan\u00e7o das vendas online, sobretudo durante a pandemia de covid-19, o CRM se tornou imprescind\u00edvel para as lojas virtuais. Entenda quais s\u00e3o os principais benef\u00edcios do CRM para as suas vendas online!","rel":"","context":"Em &quot;Dicas&quot;","block_context":{"text":"Dicas","link":"https:\/\/www.oruc.com.br\/blog\/categoria\/dicas\/"},"img":{"alt_text":"CRM para lojas virtuais","src":"https:\/\/i0.wp.com\/www.oruc.com.br\/blog\/wp-content\/uploads\/2020\/11\/CRM-para-lojas-virtuais.png?resize=350%2C200&ssl=1","width":350,"height":200,"srcset":"https:\/\/i0.wp.com\/www.oruc.com.br\/blog\/wp-content\/uploads\/2020\/11\/CRM-para-lojas-virtuais.png?resize=350%2C200&ssl=1 1x, https:\/\/i0.wp.com\/www.oruc.com.br\/blog\/wp-content\/uploads\/2020\/11\/CRM-para-lojas-virtuais.png?resize=525%2C300&ssl=1 1.5x, https:\/\/i0.wp.com\/www.oruc.com.br\/blog\/wp-content\/uploads\/2020\/11\/CRM-para-lojas-virtuais.png?resize=700%2C400&ssl=1 2x, https:\/\/i0.wp.com\/www.oruc.com.br\/blog\/wp-content\/uploads\/2020\/11\/CRM-para-lojas-virtuais.png?resize=1050%2C600&ssl=1 3x"},"classes":[]},{"id":2081,"url":"https:\/\/www.oruc.com.br\/blog\/dia-do-consumidor-2021\/","url_meta":{"origin":1602,"position":3},"title":"Dia do consumidor 2021: prepare a sua loja virtual","author":"Lucas Uriel","date":"03\/03\/2021","format":false,"excerpt":"Considerada a primeira data importante do calend\u00e1rio do e-commerce, se tornou uma semana inteira de promo\u00e7\u00f5es. Saiba como voc\u00ea pode preparar a sua loja virtual para o Dia do Consumidor.","rel":"","context":"Em &quot;Dicas&quot;","block_context":{"text":"Dicas","link":"https:\/\/www.oruc.com.br\/blog\/categoria\/dicas\/"},"img":{"alt_text":"Dia do consumidor 2021: prepara a sua loja virtual","src":"https:\/\/i0.wp.com\/www.oruc.com.br\/blog\/wp-content\/uploads\/2021\/03\/dia-do-consumidor-loja-virtual.png?resize=350%2C200&ssl=1","width":350,"height":200,"srcset":"https:\/\/i0.wp.com\/www.oruc.com.br\/blog\/wp-content\/uploads\/2021\/03\/dia-do-consumidor-loja-virtual.png?resize=350%2C200&ssl=1 1x, https:\/\/i0.wp.com\/www.oruc.com.br\/blog\/wp-content\/uploads\/2021\/03\/dia-do-consumidor-loja-virtual.png?resize=525%2C300&ssl=1 1.5x, https:\/\/i0.wp.com\/www.oruc.com.br\/blog\/wp-content\/uploads\/2021\/03\/dia-do-consumidor-loja-virtual.png?resize=700%2C400&ssl=1 2x, https:\/\/i0.wp.com\/www.oruc.com.br\/blog\/wp-content\/uploads\/2021\/03\/dia-do-consumidor-loja-virtual.png?resize=1050%2C600&ssl=1 3x"},"classes":[]},{"id":1794,"url":"https:\/\/www.oruc.com.br\/blog\/o-que-e-omnichannel-loja-virtual\/","url_meta":{"origin":1602,"position":4},"title":"Entenda o que \u00e9 e aplique o omnichannel na sua loja virtual","author":"Lucas Uriel","date":"03\/11\/2020","format":false,"excerpt":"A estrat\u00e9gia de omnichannel vem gerando resultados incr\u00edveis para o mercado virtual. Por\u00e9m, nem todos os lojistas sabem aplicas essa estrat\u00e9gia. N\u00e3o sabe como vender em v\u00e1rios canais? Nesse post te ensinamos.","rel":"","context":"Em &quot;Dicas&quot;","block_context":{"text":"Dicas","link":"https:\/\/www.oruc.com.br\/blog\/categoria\/dicas\/"},"img":{"alt_text":"Omnichannel para lojas virtuais","src":"https:\/\/i0.wp.com\/www.oruc.com.br\/blog\/wp-content\/uploads\/2020\/11\/Omnichannel-oruc-min.png?resize=350%2C200&ssl=1","width":350,"height":200,"srcset":"https:\/\/i0.wp.com\/www.oruc.com.br\/blog\/wp-content\/uploads\/2020\/11\/Omnichannel-oruc-min.png?resize=350%2C200&ssl=1 1x, https:\/\/i0.wp.com\/www.oruc.com.br\/blog\/wp-content\/uploads\/2020\/11\/Omnichannel-oruc-min.png?resize=525%2C300&ssl=1 1.5x, https:\/\/i0.wp.com\/www.oruc.com.br\/blog\/wp-content\/uploads\/2020\/11\/Omnichannel-oruc-min.png?resize=700%2C400&ssl=1 2x, https:\/\/i0.wp.com\/www.oruc.com.br\/blog\/wp-content\/uploads\/2020\/11\/Omnichannel-oruc-min.png?resize=1050%2C600&ssl=1 3x"},"classes":[]},{"id":2231,"url":"https:\/\/www.oruc.com.br\/blog\/quanto-custa-criar-uma-loja-virtual\/","url_meta":{"origin":1602,"position":5},"title":"Quanto custa criar uma loja virtual?","author":"Patrick Bedeschi","date":"28\/05\/2021","format":false,"excerpt":"Quer come\u00e7ar a vender online e n\u00e3o sabe por onde come\u00e7ar? Neste post te falamos sobre quais s\u00e3o os custos para criar uma loja virtual ou e-commerce do zero.","rel":"","context":"Em &quot;E-commerce&quot;","block_context":{"text":"E-commerce","link":"https:\/\/www.oruc.com.br\/blog\/categoria\/e-commerce\/"},"img":{"alt_text":"como criar uma loja virtual","src":"https:\/\/i0.wp.com\/www.oruc.com.br\/blog\/wp-content\/uploads\/2021\/05\/Quanto_custa_criar_uma_loja_virtual.png?resize=350%2C200&ssl=1","width":350,"height":200,"srcset":"https:\/\/i0.wp.com\/www.oruc.com.br\/blog\/wp-content\/uploads\/2021\/05\/Quanto_custa_criar_uma_loja_virtual.png?resize=350%2C200&ssl=1 1x, https:\/\/i0.wp.com\/www.oruc.com.br\/blog\/wp-content\/uploads\/2021\/05\/Quanto_custa_criar_uma_loja_virtual.png?resize=525%2C300&ssl=1 1.5x, https:\/\/i0.wp.com\/www.oruc.com.br\/blog\/wp-content\/uploads\/2021\/05\/Quanto_custa_criar_uma_loja_virtual.png?resize=700%2C400&ssl=1 2x, https:\/\/i0.wp.com\/www.oruc.com.br\/blog\/wp-content\/uploads\/2021\/05\/Quanto_custa_criar_uma_loja_virtual.png?resize=1050%2C600&ssl=1 3x"},"classes":[]}],"jetpack_sharing_enabled":true,"_links":{"self":[{"href":"https:\/\/www.oruc.com.br\/blog\/wp-json\/wp\/v2\/posts\/1602","targetHints":{"allow":["GET"]}}],"collection":[{"href":"https:\/\/www.oruc.com.br\/blog\/wp-json\/wp\/v2\/posts"}],"about":[{"href":"https:\/\/www.oruc.com.br\/blog\/wp-json\/wp\/v2\/types\/post"}],"author":[{"embeddable":true,"href":"https:\/\/www.oruc.com.br\/blog\/wp-json\/wp\/v2\/users\/5"}],"replies":[{"embeddable":true,"href":"https:\/\/www.oruc.com.br\/blog\/wp-json\/wp\/v2\/comments?post=1602"}],"version-history":[{"count":0,"href":"https:\/\/www.oruc.com.br\/blog\/wp-json\/wp\/v2\/posts\/1602\/revisions"}],"wp:featuredmedia":[{"embeddable":true,"href":"https:\/\/www.oruc.com.br\/blog\/wp-json\/wp\/v2\/media\/1604"}],"wp:attachment":[{"href":"https:\/\/www.oruc.com.br\/blog\/wp-json\/wp\/v2\/media?parent=1602"}],"wp:term":[{"taxonomy":"category","embeddable":true,"href":"https:\/\/www.oruc.com.br\/blog\/wp-json\/wp\/v2\/categories?post=1602"},{"taxonomy":"post_tag","embeddable":true,"href":"https:\/\/www.oruc.com.br\/blog\/wp-json\/wp\/v2\/tags?post=1602"}],"curies":[{"name":"wp","href":"https:\/\/api.w.org\/{rel}","templated":true}]}}